{"id":737,"date":"2016-10-25T08:20:49","date_gmt":"2016-10-25T08:20:49","guid":{"rendered":"http:\/\/www.multi-extrakt.ch\/fr\/?p=737"},"modified":"2016-11-10T07:47:10","modified_gmt":"2016-11-10T06:47:10","slug":"glutenfree","status":"publish","type":"post","link":"https:\/\/www.multi-extrakt.ch\/fr\/2016\/10\/25\/glutenfree\/","title":{"rendered":"Sans Gluten"},"content":{"rendered":"<p>Savez-vous que tous nos succ\u00e9dan\u00e9s de caf\u00e9 en qualit\u00e9 soluble, ne contiennent pas de gluten? L&rsquo;absence de gluten s&rsquo;explique ainsi:<\/p>\n<ul>\n<li><em>Les prola<\/em><em>mines et glutamines forment ensemble la forme de\u00a0prot\u00e9ine appel\u00e9e gluten. Ces deux prot\u00e9ines ne sont pas hydrosolubles. Les composants \u00e9ventuelles dans nos c\u00e9r\u00e9ales ne se laissent pas extraire et par cons\u00e9quent restent dans les r\u00e9sidus de l&rsquo;extraction. C&rsquo;est l&rsquo;explication pourquoi dans toutes nos analyses de nos succ\u00e9dan\u00e9s de caf\u00e9 en qualit\u00e9 soluble on n&rsquo;a jamais constat\u00e9 GLUTEN.<\/em><\/li>\n<\/ul>\n","protected":false},"excerpt":{"rendered":"<p>Savez-vous que tous nos succ\u00e9dan\u00e9s de caf\u00e9 en qualit\u00e9 soluble, ne contiennent pas de gluten? L&rsquo;absence de gluten s&rsquo;explique ainsi: Les prolamines et glutamines forment ensemble la forme de\u00a0prot\u00e9ine appel\u00e9e gluten. Ces deux prot\u00e9ines ne sont pas hydrosolubles. Les composants \u00e9ventuelles dans nos c\u00e9r\u00e9ales ne se laissent pas extraire et par cons\u00e9quent restent dans les  [&#8230;]<\/p>\n","protected":false},"author":2,"featured_media":0,"comment_status":"open","ping_status":"open","sticky":false,"template":"","format":"standard","meta":{"footnotes":""},"categories":[5],"tags":[],"class_list":["post-737","post","type-post","status-publish","format-standard","hentry","category-informations"],"_links":{"self":[{"href":"https:\/\/www.multi-extrakt.ch\/fr\/wp-json\/wp\/v2\/posts\/737","targetHints":{"allow":["GET"]}}],"collection":[{"href":"https:\/\/www.multi-extrakt.ch\/fr\/wp-json\/wp\/v2\/posts"}],"about":[{"href":"https:\/\/www.multi-extrakt.ch\/fr\/wp-json\/wp\/v2\/types\/post"}],"author":[{"embeddable":true,"href":"https:\/\/www.multi-extrakt.ch\/fr\/wp-json\/wp\/v2\/users\/2"}],"replies":[{"embeddable":true,"href":"https:\/\/www.multi-extrakt.ch\/fr\/wp-json\/wp\/v2\/comments?post=737"}],"version-history":[{"count":4,"href":"https:\/\/www.multi-extrakt.ch\/fr\/wp-json\/wp\/v2\/posts\/737\/revisions"}],"predecessor-version":[{"id":793,"href":"https:\/\/www.multi-extrakt.ch\/fr\/wp-json\/wp\/v2\/posts\/737\/revisions\/793"}],"wp:attachment":[{"href":"https:\/\/www.multi-extrakt.ch\/fr\/wp-json\/wp\/v2\/media?parent=737"}],"wp:term":[{"taxonomy":"category","embeddable":true,"href":"https:\/\/www.multi-extrakt.ch\/fr\/wp-json\/wp\/v2\/categories?post=737"},{"taxonomy":"post_tag","embeddable":true,"href":"https:\/\/www.multi-extrakt.ch\/fr\/wp-json\/wp\/v2\/tags?post=737"}],"curies":[{"name":"wp","href":"https:\/\/api.w.org\/{rel}","templated":true}]}}